{"id":68,"date":"2020-08-16T05:49:00","date_gmt":"2020-08-16T03:49:00","guid":{"rendered":"http:\/\/ja.rogaj.pl\/?p=68"},"modified":"2020-08-16T11:04:38","modified_gmt":"2020-08-16T09:04:38","slug":"centralka","status":"publish","type":"post","link":"http:\/\/ja.rogaj.pl\/?p=68","title":{"rendered":"Centralka&#8230;"},"content":{"rendered":"\n<p>Pan Prorektor 22 lipca (dawniej E. Wedel) rekomendowa\u0142 u\u017cywanie jedynie s\u0142usznych i namaszczonych a mo\u017ce i pob\u0142ogos\u0142awionych narz\u0119dzi informatycznych dostarczanych centralnie przez Centrum Informatyzacji czy Informatyki. Tak si\u0119 wakacyjnie ludziska rzucili na te serwisy i us\u0142ugi, \u017ce ju\u017c trzeci tydzie\u0144 zak\u0142adaj\u0105 mi trzy kursy. Wypada tydzie\u0144 na kurs. A na \u015bwiecie jest ju\u017c Moodle 3.9. Polecam znakomity <strong><a rel=\"noreferrer noopener\" aria-label=\"webinar o Moodle 3.9 (otwiera si\u0119 na nowej zak\u0142adce)\" href=\"http:\/\/src=&quot;\/\/player.vimeo.com\/video\/447564951?title=0&amp;byline=0&amp;portrait=0&amp;color=8dc7dc\" target=\"_blank\">webinar o Moodle 3.9<\/a><\/strong>.  <\/p>\n","protected":false},"excerpt":{"rendered":"<p>Pan Prorektor 22 lipca (dawniej E. Wedel) rekomendowa\u0142 u\u017cywanie jedynie s\u0142usznych i namaszczonych a mo\u017ce i pob\u0142ogos\u0142awionych narz\u0119dzi informatycznych dostarczanych centralnie przez Centrum Informatyzacji czy Informatyki. Tak si\u0119 wakacyjnie ludziska rzucili na te serwisy i us\u0142ugi, \u017ce ju\u017c trzeci tydzie\u0144 zak\u0142adaj\u0105 mi trzy kursy. Wypada tydzie\u0144 na kurs. A na \u015bwiecie jest ju\u017c Moodle 3.9. &hellip; <\/p>\n<p class=\"link-more\"><a href=\"http:\/\/ja.rogaj.pl\/?p=68\" class=\"more-link\">Czytaj dalej<span class=\"screen-reader-text\"> \u201eCentralka&#8230;\u201d<\/span><\/a><\/p>\n","protected":false},"author":1,"featured_media":0,"comment_status":"open","ping_status":"open","sticky":false,"template":"","format":"standard","meta":[],"categories":[1],"tags":[],"_links":{"self":[{"href":"http:\/\/ja.rogaj.pl\/index.php?rest_route=\/wp\/v2\/posts\/68"}],"collection":[{"href":"http:\/\/ja.rogaj.pl\/index.php?rest_route=\/wp\/v2\/posts"}],"about":[{"href":"http:\/\/ja.rogaj.pl\/index.php?rest_route=\/wp\/v2\/types\/post"}],"author":[{"embeddable":true,"href":"http:\/\/ja.rogaj.pl\/index.php?rest_route=\/wp\/v2\/users\/1"}],"replies":[{"embeddable":true,"href":"http:\/\/ja.rogaj.pl\/index.php?rest_route=%2Fwp%2Fv2%2Fcomments&post=68"}],"version-history":[{"count":2,"href":"http:\/\/ja.rogaj.pl\/index.php?rest_route=\/wp\/v2\/posts\/68\/revisions"}],"predecessor-version":[{"id":70,"href":"http:\/\/ja.rogaj.pl\/index.php?rest_route=\/wp\/v2\/posts\/68\/revisions\/70"}],"wp:attachment":[{"href":"http:\/\/ja.rogaj.pl\/index.php?rest_route=%2Fwp%2Fv2%2Fmedia&parent=68"}],"wp:term":[{"taxonomy":"category","embeddable":true,"href":"http:\/\/ja.rogaj.pl\/index.php?rest_route=%2Fwp%2Fv2%2Fcategories&post=68"},{"taxonomy":"post_tag","embeddable":true,"href":"http:\/\/ja.rogaj.pl\/index.php?rest_route=%2Fwp%2Fv2%2Ftags&post=68"}],"curies":[{"name":"wp","href":"https:\/\/api.w.org\/{rel}","templated":true}]}}