{"id":64,"date":"2020-08-15T05:28:00","date_gmt":"2020-08-15T03:28:00","guid":{"rendered":"http:\/\/ja.rogaj.pl\/?p=64"},"modified":"2020-08-14T08:42:13","modified_gmt":"2020-08-14T06:42:13","slug":"bozy-jacus","status":"publish","type":"post","link":"http:\/\/ja.rogaj.pl\/?p=64","title":{"rendered":"Bo\u017cy Jacu\u015b"},"content":{"rendered":"\n<p>S\u0105 granice, kt\u00f3rych nie przekraczam. Korci\u0142o mnie, aby przeczyta\u0107 ca\u0142y wywiad z Jacusiem, w kt\u00f3rym zamieszka\u0142 sam Pan B\u00f3g. Ale Sieci nie dotykam a w sieci wywiadu nie ma w ca\u0142o\u015bci, bo biznes dla bli\u017aniak\u00f3w K. jest najwa\u017cniejszy. <strong><a rel=\"noreferrer noopener\" aria-label=\"Piotr Pacewicz na \u0142amach oko.press (otwiera si\u0119 na nowej zak\u0142adce)\" href=\"https:\/\/oko.press\/bulterier-prezesa-w-ktorym-zamieszkal-pan-bog-autoportret-jacka-kurskiego\/\" target=\"_blank\">Piotr Pacewicz na \u0142amach oko.press<\/a><\/strong> chyba dok\u0142adnie opisa\u0142 i skomentowa\u0142 ca\u0142y wywiad. Pora\u017caj\u0105ca lektura ale chyba s\u0142uszna diagnoza. Ja ci\u0105gle jeszcze dobrze pami\u0119tam czasy PRL, w kt\u00f3rych prze\u017cy\u0142em 34 lata. Teraz b\u0119dzie lajtowa telewizja jak za czas\u00f3w s\u0142ynnego <strong><a rel=\"noreferrer noopener\" aria-label=\"Krwawego Maciusia Szczepa\u0144skiego (otwiera si\u0119 na nowej zak\u0142adce)\" href=\"https:\/\/pl.wikipedia.org\/wiki\/Maciej_Szczepa%C5%84ski\" target=\"_blank\">Krwawego Maciusia Szczepa\u0144skiego<\/a><\/strong>. Tak skutecznie prowadzi\u0142 on w latach 1972-80 propagand\u0119 sukcesu gierkowskiego, \u017ce go w 1981 posadzili na pi\u0119\u0107 lat za branie \u0142ap\u00f3wek. Ci\u0105gle zadaj\u0119 sobie pytanie, ile jeszcze k\u0142amstw jest w stanie kupi\u0107 ciemny lud. S\u0105dz\u0119, \u017ce coraz wi\u0119cej, bo patrz\u0105c na to, co si\u0119 dzieje w obszarze edukacji nabieram przekonania, \u017ce to nie jest przypadek ale celowa dzia\u0142alno\u015b\u0107. <\/p>\n","protected":false},"excerpt":{"rendered":"<p>S\u0105 granice, kt\u00f3rych nie przekraczam. Korci\u0142o mnie, aby przeczyta\u0107 ca\u0142y wywiad z Jacusiem, w kt\u00f3rym zamieszka\u0142 sam Pan B\u00f3g. Ale Sieci nie dotykam a w sieci wywiadu nie ma w ca\u0142o\u015bci, bo biznes dla bli\u017aniak\u00f3w K. jest najwa\u017cniejszy. Piotr Pacewicz na \u0142amach oko.press chyba dok\u0142adnie opisa\u0142 i skomentowa\u0142 ca\u0142y wywiad. Pora\u017caj\u0105ca lektura ale chyba s\u0142uszna &hellip; <\/p>\n<p class=\"link-more\"><a href=\"http:\/\/ja.rogaj.pl\/?p=64\" class=\"more-link\">Czytaj dalej<span class=\"screen-reader-text\"> \u201eBo\u017cy Jacu\u015b\u201d<\/span><\/a><\/p>\n","protected":false},"author":1,"featured_media":0,"comment_status":"open","ping_status":"open","sticky":false,"template":"","format":"standard","meta":[],"categories":[1],"tags":[],"_links":{"self":[{"href":"http:\/\/ja.rogaj.pl\/index.php?rest_route=\/wp\/v2\/posts\/64"}],"collection":[{"href":"http:\/\/ja.rogaj.pl\/index.php?rest_route=\/wp\/v2\/posts"}],"about":[{"href":"http:\/\/ja.rogaj.pl\/index.php?rest_route=\/wp\/v2\/types\/post"}],"author":[{"embeddable":true,"href":"http:\/\/ja.rogaj.pl\/index.php?rest_route=\/wp\/v2\/users\/1"}],"replies":[{"embeddable":true,"href":"http:\/\/ja.rogaj.pl\/index.php?rest_route=%2Fwp%2Fv2%2Fcomments&post=64"}],"version-history":[{"count":1,"href":"http:\/\/ja.rogaj.pl\/index.php?rest_route=\/wp\/v2\/posts\/64\/revisions"}],"predecessor-version":[{"id":65,"href":"http:\/\/ja.rogaj.pl\/index.php?rest_route=\/wp\/v2\/posts\/64\/revisions\/65"}],"wp:attachment":[{"href":"http:\/\/ja.rogaj.pl\/index.php?rest_route=%2Fwp%2Fv2%2Fmedia&parent=64"}],"wp:term":[{"taxonomy":"category","embeddable":true,"href":"http:\/\/ja.rogaj.pl\/index.php?rest_route=%2Fwp%2Fv2%2Fcategories&post=64"},{"taxonomy":"post_tag","embeddable":true,"href":"http:\/\/ja.rogaj.pl\/index.php?rest_route=%2Fwp%2Fv2%2Ftags&post=64"}],"curies":[{"name":"wp","href":"https:\/\/api.w.org\/{rel}","templated":true}]}}