{"id":50,"date":"2020-08-13T07:17:38","date_gmt":"2020-08-13T05:17:38","guid":{"rendered":"http:\/\/ja.rogaj.pl\/?p=50"},"modified":"2020-08-13T11:45:35","modified_gmt":"2020-08-13T09:45:35","slug":"na-dobry-poczatek","status":"publish","type":"post","link":"http:\/\/ja.rogaj.pl\/?p=50","title":{"rendered":"Na dobry pocz\u0105tek&#8230;"},"content":{"rendered":"\n<p>Pi\u0105tek z\u0142y jest na pocz\u0105tek&#8230; Na szcz\u0119\u015bcie to jest czwartek, cho\u0107 13&#8230;. Ale trzeba by\u0107 racjonalnym i walczy\u0107 z przes\u0105dami. Sk\u0105d ta data? Jak zwykle s\u0105 to koincydencje. Przygotowuj\u0119 referat na <strong><a href=\"https:\/\/iwe.mat.umk.pl\/iwe20\/\" target=\"_blank\" rel=\"noreferrer noopener\" aria-label=\"XVII konferencj\u0119 Informatyka w Edukacji (otwiera si\u0119 na nowej zak\u0142adce)\">XVII konferencj\u0119 Informatyka w Edukacji<\/a><\/strong>. IwE 2020 to moja pierwsze uczestnictwo w tej serii spotka\u0144, cho\u0107 kiedy\u015b je\u017adzi\u0142em na konferencje Informatyka w Szkole. Do debiutu w wieku 65+ trzeba si\u0119 dobrze przygotowa\u0107. Ale &#8222;podstawy&#8221; mam &#8211; referat zosta\u0142 przygotowany na <strong><a rel=\"noreferrer noopener\" aria-label=\"odwo\u0142an\u0105 konferencj\u0119 ETEE 2020 (otwiera si\u0119 na nowej zak\u0142adce)\" href=\"https:\/\/etee.agh.edu.pl\/\" target=\"_blank\">odwo\u0142an\u0105 konferencj\u0119 ETEE 2020<\/a><\/strong>. No i jak to u mnie posz\u0142o seri\u0105. Jak kolejny raz sprawdza\u0142em, czy mo\u017ce jednak jest &#8222;czynny&#8221; <strong><a rel=\"noreferrer noopener\" aria-label=\"kurs MOOC TIK dla nauczycieli (otwiera si\u0119 na nowej zak\u0142adce)\" href=\"https:\/\/navoica.pl\/courses\/course-v1:UAM+TIK_UAM+2020\/about\" target=\"_blank\">kurs MOOC TIK dla nauczycieli<\/a><\/strong> znalaz\u0142em w sieci gdzie jest przecie\u017c wszystko inny termin &#8211; SPOC czyli <strong><a rel=\"noreferrer noopener\" aria-label=\"Small Private Open Course (otwiera si\u0119 na nowej zak\u0142adce)\" href=\"https:\/\/en.wikipedia.org\/wiki\/Small_private_online_course\" target=\"_blank\">Small Private Open Course<\/a><\/strong>. Zdaniem Tima Gorala &#8230; <strong><a rel=\"noreferrer noopener\" aria-label=\"SPOCs may provide what MOOCs can\u2019t (otwiera si\u0119 na nowej zak\u0142adce)\" href=\"https:\/\/web.archive.org\/web\/20160304190607\/https:\/\/www.universitybusiness.com\/article\/spocs-may-provide-what-moocs-can%E2%80%99t\" target=\"_blank\">SPOCs may provide what MOOCs can\u2019t<\/a><\/strong>. M\u00f3j kurs &#8222;Zdalni i Zdolni&#8221; spe\u0142nia trzy warunki &#8211; jest Small, Open i jest Course. Czy jest w pe\u0142ni Private je\u015bli jest na wydzia\u0142owym serwerze? No i rozwin\u0119\u0142o si\u0119&#8230;<\/p>\n\n\n\n<p>Jako\u015b tak miesi\u0105c temu m\u00f3j &#8222;dostawca domen&#8221; przys\u0142a\u0142 mi ofert\u0119 darmowego hostingu 100 GB przez rok. Oczywi\u015bcie skusi\u0142em si\u0119, ale us\u0142uga nie by\u0142a wed\u0142ug mnie &#8222;przyjazna dla u\u017cytkownika&#8221;. A mo\u017ce, kto to wie, to wiek? Spr\u00f3bowa\u0142em us\u0142ugi &#8222;u konkurencji&#8221;. Ju\u017c nie za darmo ale za symboliczn\u0105 &#8222;pi\u0105tk\u0119&#8221; za rok! No i okaza\u0142o si\u0119, \u017ce hosting mo\u017ce by\u0107 przyjazny! Ale to jeszcze nie koniec. Wczoraj sko\u0144czy\u0142 si\u0119 darmowy miesi\u0105c i elektronicznie zrezygnowa\u0142em z przed\u0142u\u017cania us\u0142ugi. Po nitce do k\u0142\u0119bka&#8230; Skoro mia\u0142em ju\u017c hosting u innego dostawcy to&#8230; Postanowi\u0142em &#8222;u niego&#8221; sprawdzi\u0107 dost\u0119pno\u015b\u0107 domeny RoGaj. Ku mojemu zdumieniu domena rogaj.pl by\u0142a wolna i za kolejn\u0105 pi\u0105tk\u0119 sta\u0142em si\u0119 jej w\u0142a\u015bcicielem. Pod\u0142\u0105czenie do tej domeny Moodle i WordPressa zaj\u0119\u0142o mi kilka chwil &#8211; st\u0105d ten wpis na blog wykonywany trzynastego&#8230;<\/p>\n\n\n\n<figure class=\"wp-block-embed-youtube wp-block-embed is-type-video is-provider-youtube wp-embed-aspect-16-9 wp-has-aspect-ratio\"><div class=\"wp-block-embed__wrapper\">\n<iframe loading=\"lazy\" title=\"Kasia Sobczyk - Trzynastego (1967)\" width=\"525\" height=\"295\" src=\"https:\/\/www.youtube.com\/embed\/Us4qawL2AkI?feature=oembed\" frameborder=\"0\" allow=\"accelerometer; autoplay; encrypted-media; gyroscope; picture-in-picture\" allowfullscreen><\/iframe>\n<\/div><\/figure>\n","protected":false},"excerpt":{"rendered":"<p>Pi\u0105tek z\u0142y jest na pocz\u0105tek&#8230; Na szcz\u0119\u015bcie to jest czwartek, cho\u0107 13&#8230;. Ale trzeba by\u0107 racjonalnym i walczy\u0107 z przes\u0105dami. Sk\u0105d ta data? Jak zwykle s\u0105 to koincydencje. Przygotowuj\u0119 referat na XVII konferencj\u0119 Informatyka w Edukacji. IwE 2020 to moja pierwsze uczestnictwo w tej serii spotka\u0144, cho\u0107 kiedy\u015b je\u017adzi\u0142em na konferencje Informatyka w Szkole. Do &hellip; <\/p>\n<p class=\"link-more\"><a href=\"http:\/\/ja.rogaj.pl\/?p=50\" class=\"more-link\">Czytaj dalej<span class=\"screen-reader-text\"> \u201eNa dobry pocz\u0105tek&#8230;\u201d<\/span><\/a><\/p>\n","protected":false},"author":1,"featured_media":0,"comment_status":"open","ping_status":"open","sticky":false,"template":"","format":"standard","meta":[],"categories":[1],"tags":[],"_links":{"self":[{"href":"http:\/\/ja.rogaj.pl\/index.php?rest_route=\/wp\/v2\/posts\/50"}],"collection":[{"href":"http:\/\/ja.rogaj.pl\/index.php?rest_route=\/wp\/v2\/posts"}],"about":[{"href":"http:\/\/ja.rogaj.pl\/index.php?rest_route=\/wp\/v2\/types\/post"}],"author":[{"embeddable":true,"href":"http:\/\/ja.rogaj.pl\/index.php?rest_route=\/wp\/v2\/users\/1"}],"replies":[{"embeddable":true,"href":"http:\/\/ja.rogaj.pl\/index.php?rest_route=%2Fwp%2Fv2%2Fcomments&post=50"}],"version-history":[{"count":5,"href":"http:\/\/ja.rogaj.pl\/index.php?rest_route=\/wp\/v2\/posts\/50\/revisions"}],"predecessor-version":[{"id":63,"href":"http:\/\/ja.rogaj.pl\/index.php?rest_route=\/wp\/v2\/posts\/50\/revisions\/63"}],"wp:attachment":[{"href":"http:\/\/ja.rogaj.pl\/index.php?rest_route=%2Fwp%2Fv2%2Fmedia&parent=50"}],"wp:term":[{"taxonomy":"category","embeddable":true,"href":"http:\/\/ja.rogaj.pl\/index.php?rest_route=%2Fwp%2Fv2%2Fcategories&post=50"},{"taxonomy":"post_tag","embeddable":true,"href":"http:\/\/ja.rogaj.pl\/index.php?rest_route=%2Fwp%2Fv2%2Ftags&post=50"}],"curies":[{"name":"wp","href":"https:\/\/api.w.org\/{rel}","templated":true}]}}